
{"id":7392,"date":"2024-04-15T15:51:24","date_gmt":"2024-04-15T15:51:24","guid":{"rendered":"http:\/\/hyphen.archi\/muhammad-khan-se-une-a-hyphen-como-director\/"},"modified":"2024-05-30T16:30:44","modified_gmt":"2024-05-30T16:30:44","slug":"muhammad-khan-se-une-a-hyphen-como-director","status":"publish","type":"post","link":"https:\/\/hyphen.archi\/es\/muhammad-khan-se-une-a-hyphen-como-director\/","title":{"rendered":"Muhammad Khan se une a Hyphen como director"},"content":{"rendered":"\n<p><strong>Nos complace anunciar el nombramiento de Muhammad Khan, que se ha unido a nosotros como director, a partir del 15 de abril de 2024.<\/strong><\/p>\n\n<p>Muhammad trabajar\u00e1 principalmente en Londres, en estrecha colaboraci\u00f3n con el equipo local y los directores Alan Cheyne y Wayne Taylor.<\/p>\n\n<p>Especialista en misiones cr\u00edticas, Muhammad tiene una gran experiencia en el sector de los centros de datos, donde ha realizado proyectos por valor de hasta 500 millones de libras en el Reino Unido y Europa. A esto se a\u00f1aden m\u00e1s de 20 a\u00f1os de trabajo como arquitecto, en desarrollo empresarial y a nivel directivo.<\/p>\n\n<p>Muhammad tambi\u00e9n es conocido por su compromiso con la tutor\u00eda y el EDI. Es un conocido orador p\u00fablico en el sector, entre otras cosas como Mentor de Estudiantes Futuros L\u00edderes del RIBA y moderador del Foro de la Carrera de Arquitectura.<\/p>\n\n<p>Alan Cheyne, managing director de Hyphen en el Reino Unido e Irlanda, afirma: &#8220;Muhammad ser\u00e1 una magn\u00edfica incorporaci\u00f3n a nuestro equipo de Londres. Tiene muchas buenas cualidades que nos ayudar\u00e1n a hacer avanzar nuestro negocio, tanto localmente como en grupo.<\/p>\n\n<p>&#8220;Tiene un gran conocimiento de las infraestructuras cr\u00edticas y eso s\u00f3lo puede ser beneficioso para nuestro equipo de Londres, especialmente en lo que se refiere a nuestro trabajo en los sectores de los centros de datos y la log\u00edstica, y con su experiencia en tutor\u00eda.&#8221;<\/p>\n\n<p>Eddie Miles, CEO de Hyphen, afirma: &#8220;Los centros de datos son un sector clave para nosotros y contar con alguien del calibre de Muhammad en nuestras filas s\u00f3lo puede reforzar nuestra presencia en el sector. Estamos deseando ver c\u00f3mo Muhammad puede inspirar a nuestra pr\u00f3xima generaci\u00f3n de arquitectos.<\/p>\n\n<p>&#8220;Tambi\u00e9n nos complace que Muhammad comparta ya muchos de nuestros valores fundamentales, como el compromiso con la excelencia, la diversidad y la inclusi\u00f3n, y el trabajo colaborativo.<\/p>\n\n<p>&#8220;Espero que os un\u00e1is a m\u00ed para dar a Muhammad una calurosa bienvenida al equipo de Hyphen&#8221;.<\/p>\n","protected":false},"excerpt":{"rendered":"<p>Nos complace anunciar el nombramiento de Muhammad Khan, que se ha unido a nosotros como director, a partir del 15 de abril de 2024. Muhammad trabajar\u00e1 principalmente en Londres, en estrecha colaboraci\u00f3n con el equipo local y los directores Alan Cheyne y Wayne Taylor. Especialista en misiones cr\u00edticas, Muhammad tiene una gran experiencia en el [&hellip;]<\/p>\n","protected":false},"author":4,"featured_media":6990,"comment_status":"closed","ping_status":"open","sticky":false,"template":"","format":"standard","meta":{"_acf_changed":false,"CBBTypography":[],"footnotes":""},"categories":[261],"tags":[266],"expertise":[262,263],"location":[264,265],"sector":[267,268],"class_list":["post-7392","post","type-post","status-publish","format-standard","has-post-thumbnail","hentry","category-noticias","tag-anuncio","expertise-arquitectura","expertise-desarrollo-empresarial","location-londres-es","location-reino-unido","sector-centros-de-datos-y-tecnologia","sector-logistica-es"],"acf":[],"mb":[],"yoast_head":"<!-- This site is optimized with the Yoast SEO Premium plugin v25.9 (Yoast SEO v27.4) - https:\/\/yoast.com\/product\/yoast-seo-premium-wordpress\/ -->\n<title>Muhammad Khan se une a Hyphen como director - Hyphen<\/title>\n<meta name=\"robots\" content=\"index, follow, max-snippet:-1, max-image-preview:large, max-video-preview:-1\" \/>\n<link rel=\"canonical\" href=\"https:\/\/hyphen.archi\/es\/muhammad-khan-se-une-a-hyphen-como-director\/\" \/>\n<meta property=\"og:locale\" content=\"es_ES\" \/>\n<meta property=\"og:type\" content=\"article\" \/>\n<meta property=\"og:title\" content=\"Muhammad Khan se une a Hyphen como director\" \/>\n<meta property=\"og:description\" content=\"Nos complace anunciar el nombramiento de Muhammad Khan, que se ha unido a nosotros como director, a partir del 15 de abril de 2024. Muhammad trabajar\u00e1 principalmente en Londres, en estrecha colaboraci\u00f3n con el equipo local y los directores Alan Cheyne y Wayne Taylor. Especialista en misiones cr\u00edticas, Muhammad tiene una gran experiencia en el [&hellip;]\" \/>\n<meta property=\"og:url\" content=\"https:\/\/hyphen.archi\/es\/muhammad-khan-se-une-a-hyphen-como-director\/\" \/>\n<meta property=\"og:site_name\" content=\"Hyphen\" \/>\n<meta property=\"article:published_time\" content=\"2024-04-15T15:51:24+00:00\" \/>\n<meta property=\"article:modified_time\" content=\"2024-05-30T16:30:44+00:00\" \/>\n<meta property=\"og:image\" content=\"https:\/\/hyphen.archi\/app\/uploads\/2024\/04\/Muhammad-Khan_2024-e1713196199455.jpg\" \/>\n\t<meta property=\"og:image:width\" content=\"1172\" \/>\n\t<meta property=\"og:image:height\" content=\"1031\" \/>\n\t<meta property=\"og:image:type\" content=\"image\/jpeg\" \/>\n<meta name=\"author\" content=\"Hyphen\" \/>\n<meta name=\"twitter:card\" content=\"summary_large_image\" \/>\n<meta name=\"twitter:label1\" content=\"Written by\" \/>\n\t<meta name=\"twitter:data1\" content=\"Hyphen\" \/>\n\t<meta name=\"twitter:label2\" content=\"Est. reading time\" \/>\n\t<meta name=\"twitter:data2\" content=\"2 minutes\" \/>\n<script type=\"application\/ld+json\" class=\"yoast-schema-graph\">{\"@context\":\"https:\\\/\\\/schema.org\",\"@graph\":[{\"@type\":\"Article\",\"@id\":\"https:\\\/\\\/hyphen.archi\\\/es\\\/muhammad-khan-se-une-a-hyphen-como-director\\\/#article\",\"isPartOf\":{\"@id\":\"https:\\\/\\\/hyphen.archi\\\/es\\\/muhammad-khan-se-une-a-hyphen-como-director\\\/\"},\"author\":{\"name\":\"Hyphen\",\"@id\":\"https:\\\/\\\/hyphen.archi\\\/es\\\/#\\\/schema\\\/person\\\/d220b0dd93b556051d30d84f07d57080\"},\"headline\":\"Muhammad Khan se une a Hyphen como director\",\"datePublished\":\"2024-04-15T15:51:24+00:00\",\"dateModified\":\"2024-05-30T16:30:44+00:00\",\"mainEntityOfPage\":{\"@id\":\"https:\\\/\\\/hyphen.archi\\\/es\\\/muhammad-khan-se-une-a-hyphen-como-director\\\/\"},\"wordCount\":343,\"publisher\":{\"@id\":\"https:\\\/\\\/hyphen.archi\\\/es\\\/#organization\"},\"image\":{\"@id\":\"https:\\\/\\\/hyphen.archi\\\/es\\\/muhammad-khan-se-une-a-hyphen-como-director\\\/#primaryimage\"},\"thumbnailUrl\":\"https:\\\/\\\/hyphen.archi\\\/app\\\/uploads\\\/2024\\\/04\\\/Muhammad-Khan_2024-e1713196199455.jpg\",\"keywords\":[\"anuncio\"],\"articleSection\":[\"Noticias\"],\"inLanguage\":\"es-ES\"},{\"@type\":\"WebPage\",\"@id\":\"https:\\\/\\\/hyphen.archi\\\/es\\\/muhammad-khan-se-une-a-hyphen-como-director\\\/\",\"url\":\"https:\\\/\\\/hyphen.archi\\\/es\\\/muhammad-khan-se-une-a-hyphen-como-director\\\/\",\"name\":\"Muhammad Khan se une a Hyphen como director - Hyphen\",\"isPartOf\":{\"@id\":\"https:\\\/\\\/hyphen.archi\\\/es\\\/#website\"},\"primaryImageOfPage\":{\"@id\":\"https:\\\/\\\/hyphen.archi\\\/es\\\/muhammad-khan-se-une-a-hyphen-como-director\\\/#primaryimage\"},\"image\":{\"@id\":\"https:\\\/\\\/hyphen.archi\\\/es\\\/muhammad-khan-se-une-a-hyphen-como-director\\\/#primaryimage\"},\"thumbnailUrl\":\"https:\\\/\\\/hyphen.archi\\\/app\\\/uploads\\\/2024\\\/04\\\/Muhammad-Khan_2024-e1713196199455.jpg\",\"datePublished\":\"2024-04-15T15:51:24+00:00\",\"dateModified\":\"2024-05-30T16:30:44+00:00\",\"breadcrumb\":{\"@id\":\"https:\\\/\\\/hyphen.archi\\\/es\\\/muhammad-khan-se-une-a-hyphen-como-director\\\/#breadcrumb\"},\"inLanguage\":\"es-ES\",\"potentialAction\":[{\"@type\":\"ReadAction\",\"target\":[\"https:\\\/\\\/hyphen.archi\\\/es\\\/muhammad-khan-se-une-a-hyphen-como-director\\\/\"]}]},{\"@type\":\"ImageObject\",\"inLanguage\":\"es-ES\",\"@id\":\"https:\\\/\\\/hyphen.archi\\\/es\\\/muhammad-khan-se-une-a-hyphen-como-director\\\/#primaryimage\",\"url\":\"https:\\\/\\\/hyphen.archi\\\/app\\\/uploads\\\/2024\\\/04\\\/Muhammad-Khan_2024-e1713196199455.jpg\",\"contentUrl\":\"https:\\\/\\\/hyphen.archi\\\/app\\\/uploads\\\/2024\\\/04\\\/Muhammad-Khan_2024-e1713196199455.jpg\",\"width\":1172,\"height\":1031,\"caption\":\"Calvin Klein store exterior with clothing displays and brand signage.\"},{\"@type\":\"BreadcrumbList\",\"@id\":\"https:\\\/\\\/hyphen.archi\\\/es\\\/muhammad-khan-se-une-a-hyphen-como-director\\\/#breadcrumb\",\"itemListElement\":[{\"@type\":\"ListItem\",\"position\":1,\"name\":\"Home\",\"item\":\"https:\\\/\\\/hyphen.archi\\\/es\\\/\"},{\"@type\":\"ListItem\",\"position\":2,\"name\":\"Muhammad Khan se une a Hyphen como director\"}]},{\"@type\":\"WebSite\",\"@id\":\"https:\\\/\\\/hyphen.archi\\\/es\\\/#website\",\"url\":\"https:\\\/\\\/hyphen.archi\\\/es\\\/\",\"name\":\"Hyphen\",\"description\":\"International Architecture Firm\",\"publisher\":{\"@id\":\"https:\\\/\\\/hyphen.archi\\\/es\\\/#organization\"},\"potentialAction\":[{\"@type\":\"SearchAction\",\"target\":{\"@type\":\"EntryPoint\",\"urlTemplate\":\"https:\\\/\\\/hyphen.archi\\\/es\\\/?s={search_term_string}\"},\"query-input\":{\"@type\":\"PropertyValueSpecification\",\"valueRequired\":true,\"valueName\":\"search_term_string\"}}],\"inLanguage\":\"es-ES\"},{\"@type\":\"Organization\",\"@id\":\"https:\\\/\\\/hyphen.archi\\\/es\\\/#organization\",\"name\":\"Hyphen\",\"url\":\"https:\\\/\\\/hyphen.archi\\\/es\\\/\",\"logo\":{\"@type\":\"ImageObject\",\"inLanguage\":\"es-ES\",\"@id\":\"https:\\\/\\\/hyphen.archi\\\/es\\\/#\\\/schema\\\/logo\\\/image\\\/\",\"url\":\"https:\\\/\\\/hyphen.archi\\\/app\\\/uploads\\\/2024\\\/03\\\/Favicon-no_BG.png\",\"contentUrl\":\"https:\\\/\\\/hyphen.archi\\\/app\\\/uploads\\\/2024\\\/03\\\/Favicon-no_BG.png\",\"width\":792,\"height\":793,\"caption\":\"Hyphen\"},\"image\":{\"@id\":\"https:\\\/\\\/hyphen.archi\\\/es\\\/#\\\/schema\\\/logo\\\/image\\\/\"},\"sameAs\":[\"https:\\\/\\\/www.linkedin.com\\\/company\\\/hyphen.archi\\\/\",\"https:\\\/\\\/www.instagram.com\\\/hyphen_archi\\\/\"]},{\"@type\":\"Person\",\"@id\":\"https:\\\/\\\/hyphen.archi\\\/es\\\/#\\\/schema\\\/person\\\/d220b0dd93b556051d30d84f07d57080\",\"name\":\"Hyphen\",\"image\":{\"@type\":\"ImageObject\",\"inLanguage\":\"es-ES\",\"@id\":\"https:\\\/\\\/secure.gravatar.com\\\/avatar\\\/997e96269f8702a5a04f609b6281821e0120fd44df940b7ece75dacc26990ebc?s=96&d=mm&r=g\",\"url\":\"https:\\\/\\\/secure.gravatar.com\\\/avatar\\\/997e96269f8702a5a04f609b6281821e0120fd44df940b7ece75dacc26990ebc?s=96&d=mm&r=g\",\"contentUrl\":\"https:\\\/\\\/secure.gravatar.com\\\/avatar\\\/997e96269f8702a5a04f609b6281821e0120fd44df940b7ece75dacc26990ebc?s=96&d=mm&r=g\",\"caption\":\"Hyphen\"},\"url\":\"https:\\\/\\\/hyphen.archi\\\/es\\\/author\\\/danralls\\\/\"}]}<\/script>\n<!-- \/ Yoast SEO Premium plugin. -->","yoast_head_json":{"title":"Muhammad Khan se une a Hyphen como director - Hyphen","robots":{"index":"index","follow":"follow","max-snippet":"max-snippet:-1","max-image-preview":"max-image-preview:large","max-video-preview":"max-video-preview:-1"},"canonical":"https:\/\/hyphen.archi\/es\/muhammad-khan-se-une-a-hyphen-como-director\/","og_locale":"es_ES","og_type":"article","og_title":"Muhammad Khan se une a Hyphen como director","og_description":"Nos complace anunciar el nombramiento de Muhammad Khan, que se ha unido a nosotros como director, a partir del 15 de abril de 2024. Muhammad trabajar\u00e1 principalmente en Londres, en estrecha colaboraci\u00f3n con el equipo local y los directores Alan Cheyne y Wayne Taylor. Especialista en misiones cr\u00edticas, Muhammad tiene una gran experiencia en el [&hellip;]","og_url":"https:\/\/hyphen.archi\/es\/muhammad-khan-se-une-a-hyphen-como-director\/","og_site_name":"Hyphen","article_published_time":"2024-04-15T15:51:24+00:00","article_modified_time":"2024-05-30T16:30:44+00:00","og_image":[{"width":1172,"height":1031,"url":"https:\/\/hyphen.archi\/app\/uploads\/2024\/04\/Muhammad-Khan_2024-e1713196199455.jpg","type":"image\/jpeg"}],"author":"Hyphen","twitter_card":"summary_large_image","twitter_misc":{"Written by":"Hyphen","Est. reading time":"2 minutes"},"schema":{"@context":"https:\/\/schema.org","@graph":[{"@type":"Article","@id":"https:\/\/hyphen.archi\/es\/muhammad-khan-se-une-a-hyphen-como-director\/#article","isPartOf":{"@id":"https:\/\/hyphen.archi\/es\/muhammad-khan-se-une-a-hyphen-como-director\/"},"author":{"name":"Hyphen","@id":"https:\/\/hyphen.archi\/es\/#\/schema\/person\/d220b0dd93b556051d30d84f07d57080"},"headline":"Muhammad Khan se une a Hyphen como director","datePublished":"2024-04-15T15:51:24+00:00","dateModified":"2024-05-30T16:30:44+00:00","mainEntityOfPage":{"@id":"https:\/\/hyphen.archi\/es\/muhammad-khan-se-une-a-hyphen-como-director\/"},"wordCount":343,"publisher":{"@id":"https:\/\/hyphen.archi\/es\/#organization"},"image":{"@id":"https:\/\/hyphen.archi\/es\/muhammad-khan-se-une-a-hyphen-como-director\/#primaryimage"},"thumbnailUrl":"https:\/\/hyphen.archi\/app\/uploads\/2024\/04\/Muhammad-Khan_2024-e1713196199455.jpg","keywords":["anuncio"],"articleSection":["Noticias"],"inLanguage":"es-ES"},{"@type":"WebPage","@id":"https:\/\/hyphen.archi\/es\/muhammad-khan-se-une-a-hyphen-como-director\/","url":"https:\/\/hyphen.archi\/es\/muhammad-khan-se-une-a-hyphen-como-director\/","name":"Muhammad Khan se une a Hyphen como director - Hyphen","isPartOf":{"@id":"https:\/\/hyphen.archi\/es\/#website"},"primaryImageOfPage":{"@id":"https:\/\/hyphen.archi\/es\/muhammad-khan-se-une-a-hyphen-como-director\/#primaryimage"},"image":{"@id":"https:\/\/hyphen.archi\/es\/muhammad-khan-se-une-a-hyphen-como-director\/#primaryimage"},"thumbnailUrl":"https:\/\/hyphen.archi\/app\/uploads\/2024\/04\/Muhammad-Khan_2024-e1713196199455.jpg","datePublished":"2024-04-15T15:51:24+00:00","dateModified":"2024-05-30T16:30:44+00:00","breadcrumb":{"@id":"https:\/\/hyphen.archi\/es\/muhammad-khan-se-une-a-hyphen-como-director\/#breadcrumb"},"inLanguage":"es-ES","potentialAction":[{"@type":"ReadAction","target":["https:\/\/hyphen.archi\/es\/muhammad-khan-se-une-a-hyphen-como-director\/"]}]},{"@type":"ImageObject","inLanguage":"es-ES","@id":"https:\/\/hyphen.archi\/es\/muhammad-khan-se-une-a-hyphen-como-director\/#primaryimage","url":"https:\/\/hyphen.archi\/app\/uploads\/2024\/04\/Muhammad-Khan_2024-e1713196199455.jpg","contentUrl":"https:\/\/hyphen.archi\/app\/uploads\/2024\/04\/Muhammad-Khan_2024-e1713196199455.jpg","width":1172,"height":1031,"caption":"Calvin Klein store exterior with clothing displays and brand signage."},{"@type":"BreadcrumbList","@id":"https:\/\/hyphen.archi\/es\/muhammad-khan-se-une-a-hyphen-como-director\/#breadcrumb","itemListElement":[{"@type":"ListItem","position":1,"name":"Home","item":"https:\/\/hyphen.archi\/es\/"},{"@type":"ListItem","position":2,"name":"Muhammad Khan se une a Hyphen como director"}]},{"@type":"WebSite","@id":"https:\/\/hyphen.archi\/es\/#website","url":"https:\/\/hyphen.archi\/es\/","name":"Hyphen","description":"International Architecture Firm","publisher":{"@id":"https:\/\/hyphen.archi\/es\/#organization"},"potentialAction":[{"@type":"SearchAction","target":{"@type":"EntryPoint","urlTemplate":"https:\/\/hyphen.archi\/es\/?s={search_term_string}"},"query-input":{"@type":"PropertyValueSpecification","valueRequired":true,"valueName":"search_term_string"}}],"inLanguage":"es-ES"},{"@type":"Organization","@id":"https:\/\/hyphen.archi\/es\/#organization","name":"Hyphen","url":"https:\/\/hyphen.archi\/es\/","logo":{"@type":"ImageObject","inLanguage":"es-ES","@id":"https:\/\/hyphen.archi\/es\/#\/schema\/logo\/image\/","url":"https:\/\/hyphen.archi\/app\/uploads\/2024\/03\/Favicon-no_BG.png","contentUrl":"https:\/\/hyphen.archi\/app\/uploads\/2024\/03\/Favicon-no_BG.png","width":792,"height":793,"caption":"Hyphen"},"image":{"@id":"https:\/\/hyphen.archi\/es\/#\/schema\/logo\/image\/"},"sameAs":["https:\/\/www.linkedin.com\/company\/hyphen.archi\/","https:\/\/www.instagram.com\/hyphen_archi\/"]},{"@type":"Person","@id":"https:\/\/hyphen.archi\/es\/#\/schema\/person\/d220b0dd93b556051d30d84f07d57080","name":"Hyphen","image":{"@type":"ImageObject","inLanguage":"es-ES","@id":"https:\/\/secure.gravatar.com\/avatar\/997e96269f8702a5a04f609b6281821e0120fd44df940b7ece75dacc26990ebc?s=96&d=mm&r=g","url":"https:\/\/secure.gravatar.com\/avatar\/997e96269f8702a5a04f609b6281821e0120fd44df940b7ece75dacc26990ebc?s=96&d=mm&r=g","contentUrl":"https:\/\/secure.gravatar.com\/avatar\/997e96269f8702a5a04f609b6281821e0120fd44df940b7ece75dacc26990ebc?s=96&d=mm&r=g","caption":"Hyphen"},"url":"https:\/\/hyphen.archi\/es\/author\/danralls\/"}]}},"mfb_rest_fields":["title","yoast_head","yoast_head_json"],"_links":{"self":[{"href":"https:\/\/hyphen.archi\/es\/wp-json\/wp\/v2\/posts\/7392","targetHints":{"allow":["GET"]}}],"collection":[{"href":"https:\/\/hyphen.archi\/es\/wp-json\/wp\/v2\/posts"}],"about":[{"href":"https:\/\/hyphen.archi\/es\/wp-json\/wp\/v2\/types\/post"}],"author":[{"embeddable":true,"href":"https:\/\/hyphen.archi\/es\/wp-json\/wp\/v2\/users\/4"}],"replies":[{"embeddable":true,"href":"https:\/\/hyphen.archi\/es\/wp-json\/wp\/v2\/comments?post=7392"}],"version-history":[{"count":2,"href":"https:\/\/hyphen.archi\/es\/wp-json\/wp\/v2\/posts\/7392\/revisions"}],"predecessor-version":[{"id":11230,"href":"https:\/\/hyphen.archi\/es\/wp-json\/wp\/v2\/posts\/7392\/revisions\/11230"}],"wp:featuredmedia":[{"embeddable":true,"href":"https:\/\/hyphen.archi\/es\/wp-json\/wp\/v2\/media\/6990"}],"wp:attachment":[{"href":"https:\/\/hyphen.archi\/es\/wp-json\/wp\/v2\/media?parent=7392"}],"wp:term":[{"taxonomy":"category","embeddable":true,"href":"https:\/\/hyphen.archi\/es\/wp-json\/wp\/v2\/categories?post=7392"},{"taxonomy":"post_tag","embeddable":true,"href":"https:\/\/hyphen.archi\/es\/wp-json\/wp\/v2\/tags?post=7392"},{"taxonomy":"expertise","embeddable":true,"href":"https:\/\/hyphen.archi\/es\/wp-json\/wp\/v2\/expertise?post=7392"},{"taxonomy":"location","embeddable":true,"href":"https:\/\/hyphen.archi\/es\/wp-json\/wp\/v2\/location?post=7392"},{"taxonomy":"sector","embeddable":true,"href":"https:\/\/hyphen.archi\/es\/wp-json\/wp\/v2\/sector?post=7392"}],"curies":[{"name":"wp","href":"https:\/\/api.w.org\/{rel}","templated":true}]}}